{"id":1691,"date":"2018-05-08T00:00:00","date_gmt":"2018-05-07T22:00:00","guid":{"rendered":"https:\/\/bsiw.pl\/neue-vorschriften-betr-die-verjahrung\/"},"modified":"2018-05-21T00:00:00","modified_gmt":"2018-05-20T22:00:00","slug":"neue-vorschriften-betr-die-verjahrung","status":"publish","type":"post","link":"https:\/\/bsiw.pl\/de\/neue-vorschriften-betr-die-verjahrung\/","title":{"rendered":"Neue Vorschriften betr. die Verj\u00e4hrung."},"content":{"rendered":"<p>Mit dem Gesetz vom 13. April 2018 hat Sejm wichtige \u00c4nderungen im Zivilgesetzbuch betr. die Verj\u00e4hrung von Anspr\u00fcchen eingef\u00fchrt.<\/p>\n<p>Gem\u00e4\u00df der Novelle wird grunds\u00e4tzlich ausgeschlossen, die verj\u00e4hrten Anspr\u00fcchen geltend zu machen, sofern diese gegen die Verbraucher zustehen. Das Gericht wird eine solche Klage auch dann abweisen, wenn der Beklagte die Einrede der Verj\u00e4hrung nicht erheben wird, es sei denn, dass besondere Umst\u00e4nde vorliegen, die einer solchen Vorgehensweise entgegenstehen.<\/p>\n<p>Gek\u00fcrzt, von 10 auf 6 Jahren, wird auch die grunds\u00e4tzliche Verj\u00e4hrungsfrist. Zur Verj\u00e4hrung wird mit dem Ende des Kalenderjahres kommen, mit Ausnahme der Termine, die k\u00fcrzer als zwei Jahre sind.<\/p>\n","protected":false},"excerpt":{"rendered":"<p>Mit dem Gesetz vom 13. April 2018 hat Sejm wichtige \u00c4nderungen im Zivilgesetzbuch betr. die Verj\u00e4hrung von Anspr\u00fcchen eingef\u00fchrt. Gem\u00e4\u00df&#8230;<\/p>\n","protected":false},"author":1,"featured_media":0,"comment_status":"closed","ping_status":"closed","sticky":false,"template":"","format":"standard","meta":{"footnotes":""},"categories":[],"class_list":["post-1691","post","type-post","status-publish","format-standard","hentry"],"acf":[],"_links":{"self":[{"href":"https:\/\/bsiw.pl\/de\/wp-json\/wp\/v2\/posts\/1691","targetHints":{"allow":["GET"]}}],"collection":[{"href":"https:\/\/bsiw.pl\/de\/wp-json\/wp\/v2\/posts"}],"about":[{"href":"https:\/\/bsiw.pl\/de\/wp-json\/wp\/v2\/types\/post"}],"author":[{"embeddable":true,"href":"https:\/\/bsiw.pl\/de\/wp-json\/wp\/v2\/users\/1"}],"replies":[{"embeddable":true,"href":"https:\/\/bsiw.pl\/de\/wp-json\/wp\/v2\/comments?post=1691"}],"version-history":[{"count":0,"href":"https:\/\/bsiw.pl\/de\/wp-json\/wp\/v2\/posts\/1691\/revisions"}],"wp:attachment":[{"href":"https:\/\/bsiw.pl\/de\/wp-json\/wp\/v2\/media?parent=1691"}],"wp:term":[{"taxonomy":"category","embeddable":true,"href":"https:\/\/bsiw.pl\/de\/wp-json\/wp\/v2\/categories?post=1691"}],"curies":[{"name":"wp","href":"https:\/\/api.w.org\/{rel}","templated":true}]}}