{"id":3060,"date":"2023-06-06T15:28:37","date_gmt":"2023-06-06T13:28:37","guid":{"rendered":"https:\/\/bsiw.pl\/?p=3060"},"modified":"2023-06-06T15:26:28","modified_gmt":"2023-06-06T13:26:28","slug":"pangea-net-konferenz-in-antwerpen","status":"publish","type":"post","link":"https:\/\/bsiw.pl\/de\/pangea-net-konferenz-in-antwerpen\/","title":{"rendered":"Pangea Net Konferenz in Antwerpen"},"content":{"rendered":"<p>Vertreter unserer Kanzlei &#8211; Maciej Olejniczak, Tytus Niewczyk und Maria Gawecka &#8211; haben an der diesj\u00e4hrigen Jahreshauptversammlung von Pangea Net teilgenommen, die vom 1. bis 3. Juni von dem belgischen Pangea-Mitglied Litiguard Advocaten in Antwerpen veranstaltet wurde.<\/p>\n<p>Der Donnerstag begann mit einem Treffen verschiedener Praxisgruppen, gefolgt von einem Barbecue im B\u00fcro von Litiguard.<\/p>\n<p>Am Freitag fand die Veranstaltung im Hotel Linder statt, wo die Mitglieder von Pangea Net organisatorische Fragen im Zusammenhang mit dem Netzwerk diskutierten und die Gelegenheit hatten, sich besser kennen zu lernen. Die Mitarbeiter der Mitgliedsunternehmen nahmen an einem Training zum Thema &#8222;Kommunikation mit Einfluss&#8220; teil. Am Nachmittag hatten wir die Gelegenheit, von Herrn Xavier Biot von Schneider Electric zu h\u00f6ren, wie man Netto-Null Ziel erreichen kann und was wir tun k\u00f6nnen, um Nachhaltigkeit zu unterst\u00fctzen.<\/p>\n<p>Der Samstag stand ganz im Zeichen der Entspannung und der Besichtigung von Sehensw\u00fcrdigkeiten. Nach einem langen Tag wurde das Abendessen im historischen Handelsbeurs-Geb\u00e4ude eingenommen.<\/p>\n<p>Nochmals vielen Dank an unsere wunderbaren Gastgeber Dirk De Maeseneer und Gerrit van Gassen von Litiguard Advocaten und an Michiel Beutels f\u00fcr die Organisation des Pangea neXt Programms.<\/p>\n<p>Wir freuen uns auf ein Wiedersehen im n\u00e4chsten Jahr in D\u00e4nemark!<\/p>\n<p>&nbsp;<\/p>\n<p><span class=\"d-inline-block\" data-scroll=\"\" data-scroll-img=\"\"><img loading=\"lazy\" decoding=\"async\" class=\"aligncenter size-full wp-image-3056\" src=\"https:\/\/bsiw.pl\/wp-content\/uploads\/2023\/06\/antwerpoia.png\" alt=\"\" width=\"2000\" height=\"1414\" srcset=\"https:\/\/bsiw.pl\/wp-content\/uploads\/2023\/06\/antwerpoia.png 2000w, https:\/\/bsiw.pl\/wp-content\/uploads\/2023\/06\/antwerpoia-300x212.png 300w, https:\/\/bsiw.pl\/wp-content\/uploads\/2023\/06\/antwerpoia-1024x724.png 1024w, https:\/\/bsiw.pl\/wp-content\/uploads\/2023\/06\/antwerpoia-768x543.png 768w, https:\/\/bsiw.pl\/wp-content\/uploads\/2023\/06\/antwerpoia-1536x1086.png 1536w\" sizes=\"auto, (max-width: 2000px) 100vw, 2000px\" \/><\/span><\/p>\n","protected":false},"excerpt":{"rendered":"<p>Vertreter unserer Kanzlei &#8211; Maciej Olejniczak, Tytus Niewczyk und Maria Gawecka &#8211; haben an der diesj\u00e4hrigen Jahreshauptversammlung von Pangea Net teilgenommen, die vom 1. bis 3. Juni von dem belgischen Pangea-Mitglied Litiguard Advocaten in Antwerpen veranstaltet wurde.<\/p>\n","protected":false},"author":2,"featured_media":3071,"comment_status":"closed","ping_status":"open","sticky":false,"template":"","format":"standard","meta":{"footnotes":""},"categories":[8],"class_list":["post-3060","post","type-post","status-publish","format-standard","has-post-thumbnail","hentry","category-unkategorisiert"],"acf":[],"_links":{"self":[{"href":"https:\/\/bsiw.pl\/de\/wp-json\/wp\/v2\/posts\/3060","targetHints":{"allow":["GET"]}}],"collection":[{"href":"https:\/\/bsiw.pl\/de\/wp-json\/wp\/v2\/posts"}],"about":[{"href":"https:\/\/bsiw.pl\/de\/wp-json\/wp\/v2\/types\/post"}],"author":[{"embeddable":true,"href":"https:\/\/bsiw.pl\/de\/wp-json\/wp\/v2\/users\/2"}],"replies":[{"embeddable":true,"href":"https:\/\/bsiw.pl\/de\/wp-json\/wp\/v2\/comments?post=3060"}],"version-history":[{"count":2,"href":"https:\/\/bsiw.pl\/de\/wp-json\/wp\/v2\/posts\/3060\/revisions"}],"predecessor-version":[{"id":3069,"href":"https:\/\/bsiw.pl\/de\/wp-json\/wp\/v2\/posts\/3060\/revisions\/3069"}],"wp:featuredmedia":[{"embeddable":true,"href":"https:\/\/bsiw.pl\/de\/wp-json\/wp\/v2\/media\/3071"}],"wp:attachment":[{"href":"https:\/\/bsiw.pl\/de\/wp-json\/wp\/v2\/media?parent=3060"}],"wp:term":[{"taxonomy":"category","embeddable":true,"href":"https:\/\/bsiw.pl\/de\/wp-json\/wp\/v2\/categories?post=3060"}],"curies":[{"name":"wp","href":"https:\/\/api.w.org\/{rel}","templated":true}]}}